{"id":1151,"date":"2017-03-25T18:56:11","date_gmt":"2017-03-25T17:56:11","guid":{"rendered":"http:\/\/www.auc.sk\/?p=1151"},"modified":"2017-04-20T08:04:35","modified_gmt":"2017-04-20T07:04:35","slug":"zborova-fantazia","status":"publish","type":"post","link":"https:\/\/www.auc.sk\/index.php\/zborova-fantazia\/","title":{"rendered":"Zborov\u00e1 fant\u00e1zia"},"content":{"rendered":"<p>V&nbsp;roku 2017 si pezinsk\u00fd chr\u00e1mov\u00fd zbor Ad Una Corda pripom\u00edna v\u00fdznamn\u00e9 v\u00fdro\u010die \u2013 150. rokov od zalo\u017eenia Pezinsk\u00e9ho spev\u00e1ckeho spolku, ktor\u00e9ho je priamym pokra\u010dovate\u013eom. Koncert Zborov\u00e1 fant\u00e1zia je jedn\u00fdm z&nbsp;viacer\u00fdch hudobn\u00fdch podujat\u00ed, ktor\u00e9 bud\u00fa prebieha\u0165 v&nbsp;Pezinku po\u010das cel\u00e9ho roku v&nbsp;r\u00e1mci osl\u00e1v v\u00fdro\u010dia.<\/p>\n<p>Program koncertu zah\u0155\u0148a okrem in\u00e9ho aj&nbsp;diela velik\u00e1na v\u00e1\u017enej hudby Ludwiga van Beethovena. Na koncerte zaznie Fant\u00e1zia pre klav\u00edr, zbor a&nbsp;orchester c mol op. 80, ktor\u00e1 je zn\u00e1mej\u0161ia pod n\u00e1zvom Zborov\u00e1 fant\u00e1zia, a&nbsp;Symf\u00f3nia \u010d. 7 A&nbsp;dur op. 92. Obe Beethovenove diela patria medzi mimoriadne posluch\u00e1\u010dsky ob\u013e\u00faben\u00e9 a&nbsp;svojim oslavn\u00fdm, sl\u00e1vnostn\u00fdm a radostn\u00fdm charakterom vyjadruj\u00fa z\u00e1kladn\u00fa my\u0161lienku koncertu \u2013 oslavu 150-ro\u010dnej trad\u00edcie zborov\u00e9ho spevu v&nbsp;meste Pezinok.<\/p>\n<p>Klavirista Ivan Koska, pezinsk\u00fd chr\u00e1mov\u00fd zbor Ad Una Corda a Komorn\u00fd chr\u00e1mov\u00fd orchester sa predstavia v&nbsp;na\u0161tudovan\u00ed Mari\u00e1na \u0160ipo\u0161a, zbormajstra pezinsk\u00e9ho chr\u00e1mov\u00e9ho zboru Ad Una Corda.<\/p>\n<p>Koncert Zborov\u00e1 fant\u00e1zia je zaraden\u00fd medzi tvoriv\u00e9 aktivity zboru Ad Una Corda, ktor\u00fdmi spr\u00edstup\u0148uje verejnosti v&nbsp;meste, kde nes\u00eddli \u017eiadne profesion\u00e1lne hudobn\u00e9 teleso, in\u0161trument\u00e1lne a vok\u00e1lno-in\u0161trument\u00e1lne diela v\u00e1\u017enej hudby. Koncert z&nbsp;verejn\u00fdch zdrojov podporil Fond na podporu umenia.<\/p>\n","protected":false},"excerpt":{"rendered":"<p>V&nbsp;roku 2017 si pezinsk\u00fd chr\u00e1mov\u00fd zbor Ad Una Corda pripom\u00edna v\u00fdznamn\u00e9 v\u00fdro\u010die \u2013 150. rokov od zalo\u017eenia Pezinsk\u00e9ho spev\u00e1ckeho spolku, ktor\u00e9ho je priamym pokra\u010dovate\u013eom. Koncert Zborov\u00e1 fant\u00e1zia je jedn\u00fdm z&nbsp;viacer\u00fdch <a class=\"read-more\" href=\"https:\/\/www.auc.sk\/index.php\/zborova-fantazia\/\">\u010c\u00edtajte viac<\/a><\/p>\n","protected":false},"author":1,"featured_media":913,"comment_status":"closed","ping_status":"closed","sticky":false,"template":"","format":"standard","meta":{"ngg_post_thumbnail":0,"footnotes":""},"categories":[1],"tags":[],"_links":{"self":[{"href":"https:\/\/www.auc.sk\/index.php\/wp-json\/wp\/v2\/posts\/1151"}],"collection":[{"href":"https:\/\/www.auc.sk\/index.php\/wp-json\/wp\/v2\/posts"}],"about":[{"href":"https:\/\/www.auc.sk\/index.php\/wp-json\/wp\/v2\/types\/post"}],"author":[{"embeddable":true,"href":"https:\/\/www.auc.sk\/index.php\/wp-json\/wp\/v2\/users\/1"}],"replies":[{"embeddable":true,"href":"https:\/\/www.auc.sk\/index.php\/wp-json\/wp\/v2\/comments?post=1151"}],"version-history":[{"count":3,"href":"https:\/\/www.auc.sk\/index.php\/wp-json\/wp\/v2\/posts\/1151\/revisions"}],"predecessor-version":[{"id":1162,"href":"https:\/\/www.auc.sk\/index.php\/wp-json\/wp\/v2\/posts\/1151\/revisions\/1162"}],"wp:featuredmedia":[{"embeddable":true,"href":"https:\/\/www.auc.sk\/index.php\/wp-json\/wp\/v2\/media\/913"}],"wp:attachment":[{"href":"https:\/\/www.auc.sk\/index.php\/wp-json\/wp\/v2\/media?parent=1151"}],"wp:term":[{"taxonomy":"category","embeddable":true,"href":"https:\/\/www.auc.sk\/index.php\/wp-json\/wp\/v2\/categories?post=1151"},{"taxonomy":"post_tag","embeddable":true,"href":"https:\/\/www.auc.sk\/index.php\/wp-json\/wp\/v2\/tags?post=1151"}],"curies":[{"name":"wp","href":"https:\/\/api.w.org\/{rel}","templated":true}]}}