{"id":1795,"date":"2024-07-10T09:28:33","date_gmt":"2024-07-10T08:28:33","guid":{"rendered":"https:\/\/www.auc.sk\/?p=1795"},"modified":"2024-07-10T10:03:24","modified_gmt":"2024-07-10T09:03:24","slug":"ad-una-corda-vyhral-dve-2-miesta-na-sutazi-v-grecku","status":"publish","type":"post","link":"https:\/\/www.auc.sk\/index.php\/ad-una-corda-vyhral-dve-2-miesta-na-sutazi-v-grecku\/","title":{"rendered":"Ad Una Corda vyhral dve 2. miesta na s\u00fa\u0165a\u017ei v Gr\u00e9cku"},"content":{"rendered":"<p><img loading=\"lazy\" decoding=\"async\" class=\"alignnone wp-image-1800 size-large\" src=\"https:\/\/www.auc.sk\/wordpress\/wp-content\/uploads\/2024\/07\/AUC-na-sutazi-miesane-zbory-1024x768.jpeg\" alt=\"\" width=\"800\" height=\"600\" srcset=\"https:\/\/www.auc.sk\/wordpress\/wp-content\/uploads\/2024\/07\/AUC-na-sutazi-miesane-zbory-1024x768.jpeg 1024w, https:\/\/www.auc.sk\/wordpress\/wp-content\/uploads\/2024\/07\/AUC-na-sutazi-miesane-zbory-300x225.jpeg 300w, https:\/\/www.auc.sk\/wordpress\/wp-content\/uploads\/2024\/07\/AUC-na-sutazi-miesane-zbory-768x576.jpeg 768w, https:\/\/www.auc.sk\/wordpress\/wp-content\/uploads\/2024\/07\/AUC-na-sutazi-miesane-zbory-1536x1152.jpeg 1536w, https:\/\/www.auc.sk\/wordpress\/wp-content\/uploads\/2024\/07\/AUC-na-sutazi-miesane-zbory-2048x1536.jpeg 2048w\" sizes=\"(max-width: 800px) 100vw, 800px\" \/><\/p>\n<p>Pezinsk\u00fd chr\u00e1mov\u00fd zbor Ad Una Corda sa v\u00a0d\u0148och 4. \u2013 7. j\u00fala 2024 z\u00fa\u010dastnil <strong>28. ro\u010dn\u00edka<\/strong><br \/>\n<strong>medzin\u00e1rodnej s\u00fa\u0165a\u017ee spev\u00e1ckych zborov v\u00a0Preveze v\u00a0Gr\u00e9cku<\/strong> (28 th \u00a0International Choral Competition<br \/>\nof Preveza 2024). Hlavn\u00fdm organiz\u00e1torom s\u00fa\u0165a\u017ee je spev\u00e1cky zbor \u201cArmonia\u201c z\u00a0Prevezy. V\u00a0piatich<br \/>\nkateg\u00f3ri\u00e1ch s\u00fa\u0165a\u017eilo celkom 15 zborov z\u00a0Gr\u00e9cka, Po\u013eska, Slovinska, Ma\u010farska, \u010ceska, Turecka, USA,<br \/>\n\u0160panielska, Loty\u0161ska a\u00a0Slovenska.<\/p>\n<p><strong>Zbor Ad Una Corda sa prihl\u00e1sil do dvoch s\u00fa\u0165a\u017en\u00fdch kateg\u00f3ri\u00ed \u2013 mie\u0161an\u00e9 zbory a\u00a0folkl\u00f3r, spiritu\u00e1l, jazz<\/strong><br \/>\n<strong>a\u00a0byzantsk\u00e1 hudba. V\u00a0obidvoch kateg\u00f3ri\u00e1ch z\u00edskal zbor 2. miesto.<\/strong> Medzin\u00e1rodn\u00e1 porota zlo\u017een\u00e1<br \/>\nz\u00a0dirigentov a\u00a0zbormajstrov z\u00a0Turecka, Libanonu, Kanady, Po\u013eska a USA ocenila najm\u00e4 muzikalitu a<br \/>\nv\u00fdraz zboru, zaujala i\u00a0dramaturgia s\u00fa\u0165a\u017en\u00e9ho reperto\u00e1ru, ktor\u00e1 kl\u00e1dla d\u00f4raz na prezent\u00e1ciu slovenskej<br \/>\nsakr\u00e1lnej hudobnej tvorby a\u00a0\u00faprav slovensk\u00fdch \u013eudov\u00fdch piesn\u00ed slovensk\u00fdch autorov.<\/p>\n<p><img loading=\"lazy\" decoding=\"async\" class=\"alignnone wp-image-1802 \" src=\"https:\/\/www.auc.sk\/wordpress\/wp-content\/uploads\/2024\/07\/AUC-A-striebro-diplommedaila_page-0001-724x1024.jpg\" alt=\"\" width=\"519\" height=\"734\" srcset=\"https:\/\/www.auc.sk\/wordpress\/wp-content\/uploads\/2024\/07\/AUC-A-striebro-diplommedaila_page-0001-724x1024.jpg 724w, https:\/\/www.auc.sk\/wordpress\/wp-content\/uploads\/2024\/07\/AUC-A-striebro-diplommedaila_page-0001-212x300.jpg 212w, https:\/\/www.auc.sk\/wordpress\/wp-content\/uploads\/2024\/07\/AUC-A-striebro-diplommedaila_page-0001-768x1086.jpg 768w, https:\/\/www.auc.sk\/wordpress\/wp-content\/uploads\/2024\/07\/AUC-A-striebro-diplommedaila_page-0001-1087x1536.jpg 1087w, https:\/\/www.auc.sk\/wordpress\/wp-content\/uploads\/2024\/07\/AUC-A-striebro-diplommedaila_page-0001-1449x2048.jpg 1449w, https:\/\/www.auc.sk\/wordpress\/wp-content\/uploads\/2024\/07\/AUC-A-striebro-diplommedaila_page-0001-rotated.jpg 1755w\" sizes=\"(max-width: 519px) 100vw, 519px\" \/><img loading=\"lazy\" decoding=\"async\" class=\"alignnone wp-image-1803 \" src=\"https:\/\/www.auc.sk\/wordpress\/wp-content\/uploads\/2024\/07\/AUC-F-striebro-diplommedaila_page-0001-724x1024.jpg\" alt=\"\" width=\"520\" height=\"735\" srcset=\"https:\/\/www.auc.sk\/wordpress\/wp-content\/uploads\/2024\/07\/AUC-F-striebro-diplommedaila_page-0001-724x1024.jpg 724w, https:\/\/www.auc.sk\/wordpress\/wp-content\/uploads\/2024\/07\/AUC-F-striebro-diplommedaila_page-0001-212x300.jpg 212w, https:\/\/www.auc.sk\/wordpress\/wp-content\/uploads\/2024\/07\/AUC-F-striebro-diplommedaila_page-0001-768x1086.jpg 768w, https:\/\/www.auc.sk\/wordpress\/wp-content\/uploads\/2024\/07\/AUC-F-striebro-diplommedaila_page-0001-1087x1536.jpg 1087w, https:\/\/www.auc.sk\/wordpress\/wp-content\/uploads\/2024\/07\/AUC-F-striebro-diplommedaila_page-0001-1449x2048.jpg 1449w, https:\/\/www.auc.sk\/wordpress\/wp-content\/uploads\/2024\/07\/AUC-F-striebro-diplommedaila_page-0001-rotated.jpg 1755w\" sizes=\"(max-width: 520px) 100vw, 520px\" \/><\/p>\n<p><img loading=\"lazy\" decoding=\"async\" class=\"alignnone wp-image-1804 size-large\" src=\"https:\/\/www.auc.sk\/wordpress\/wp-content\/uploads\/2024\/07\/AUC-pred-sutazou-1024x768.jpg\" alt=\"\" width=\"800\" height=\"600\" srcset=\"https:\/\/www.auc.sk\/wordpress\/wp-content\/uploads\/2024\/07\/AUC-pred-sutazou-1024x768.jpg 1024w, https:\/\/www.auc.sk\/wordpress\/wp-content\/uploads\/2024\/07\/AUC-pred-sutazou-300x225.jpg 300w, https:\/\/www.auc.sk\/wordpress\/wp-content\/uploads\/2024\/07\/AUC-pred-sutazou-768x576.jpg 768w, https:\/\/www.auc.sk\/wordpress\/wp-content\/uploads\/2024\/07\/AUC-pred-sutazou-1536x1152.jpg 1536w, https:\/\/www.auc.sk\/wordpress\/wp-content\/uploads\/2024\/07\/AUC-pred-sutazou.jpg 1600w\" sizes=\"(max-width: 800px) 100vw, 800px\" \/><\/p>\n<p>\u00da\u010das\u0165 zboru Ad Una Corda na s\u00fa\u0165a\u017ei i\u00a0koncertnej ceste z\u00a0verejn\u00fdch zdrojov podporil Fond na podporu<br \/>\numenia.<\/p>\n<p><img loading=\"lazy\" decoding=\"async\" class=\"alignnone size-medium wp-image-1323\" src=\"https:\/\/www.auc.sk\/wordpress\/wp-content\/uploads\/2017\/12\/FPU_logo-300x93.jpg\" alt=\"\" width=\"300\" height=\"93\" srcset=\"https:\/\/www.auc.sk\/wordpress\/wp-content\/uploads\/2017\/12\/FPU_logo-300x93.jpg 300w, https:\/\/www.auc.sk\/wordpress\/wp-content\/uploads\/2017\/12\/FPU_logo-768x239.jpg 768w, https:\/\/www.auc.sk\/wordpress\/wp-content\/uploads\/2017\/12\/FPU_logo-1024x319.jpg 1024w\" sizes=\"(max-width: 300px) 100vw, 300px\" \/><\/p>\n","protected":false},"excerpt":{"rendered":"<p>Pezinsk\u00fd chr\u00e1mov\u00fd zbor Ad Una Corda sa v\u00a0d\u0148och 4. \u2013 7. j\u00fala 2024 z\u00fa\u010dastnil 28. ro\u010dn\u00edka medzin\u00e1rodnej s\u00fa\u0165a\u017ee spev\u00e1ckych zborov v\u00a0Preveze v\u00a0Gr\u00e9cku (28 th \u00a0International Choral Competition of Preveza 2024). <a class=\"read-more\" href=\"https:\/\/www.auc.sk\/index.php\/ad-una-corda-vyhral-dve-2-miesta-na-sutazi-v-grecku\/\">\u010c\u00edtajte viac<\/a><\/p>\n","protected":false},"author":3,"featured_media":1804,"comment_status":"closed","ping_status":"closed","sticky":false,"template":"","format":"standard","meta":{"ngg_post_thumbnail":0,"footnotes":""},"categories":[1],"tags":[],"_links":{"self":[{"href":"https:\/\/www.auc.sk\/index.php\/wp-json\/wp\/v2\/posts\/1795"}],"collection":[{"href":"https:\/\/www.auc.sk\/index.php\/wp-json\/wp\/v2\/posts"}],"about":[{"href":"https:\/\/www.auc.sk\/index.php\/wp-json\/wp\/v2\/types\/post"}],"author":[{"embeddable":true,"href":"https:\/\/www.auc.sk\/index.php\/wp-json\/wp\/v2\/users\/3"}],"replies":[{"embeddable":true,"href":"https:\/\/www.auc.sk\/index.php\/wp-json\/wp\/v2\/comments?post=1795"}],"version-history":[{"count":4,"href":"https:\/\/www.auc.sk\/index.php\/wp-json\/wp\/v2\/posts\/1795\/revisions"}],"predecessor-version":[{"id":1806,"href":"https:\/\/www.auc.sk\/index.php\/wp-json\/wp\/v2\/posts\/1795\/revisions\/1806"}],"wp:featuredmedia":[{"embeddable":true,"href":"https:\/\/www.auc.sk\/index.php\/wp-json\/wp\/v2\/media\/1804"}],"wp:attachment":[{"href":"https:\/\/www.auc.sk\/index.php\/wp-json\/wp\/v2\/media?parent=1795"}],"wp:term":[{"taxonomy":"category","embeddable":true,"href":"https:\/\/www.auc.sk\/index.php\/wp-json\/wp\/v2\/categories?post=1795"},{"taxonomy":"post_tag","embeddable":true,"href":"https:\/\/www.auc.sk\/index.php\/wp-json\/wp\/v2\/tags?post=1795"}],"curies":[{"name":"wp","href":"https:\/\/api.w.org\/{rel}","templated":true}]}}