{"id":888,"date":"2017-01-07T17:09:28","date_gmt":"2017-01-07T16:09:28","guid":{"rendered":"http:\/\/www.auc.sk\/wordpress\/?p=888"},"modified":"2017-01-07T18:04:12","modified_gmt":"2017-01-07T17:04:12","slug":"150-vyrocie-vzniku-spevokolu-v-pezinku","status":"publish","type":"post","link":"https:\/\/www.auc.sk\/index.php\/150-vyrocie-vzniku-spevokolu-v-pezinku\/","title":{"rendered":"150. v\u00fdro\u010die vzniku spevokolu v Pezinku"},"content":{"rendered":"<p>V roku 2017 si pripom\u00edname 150. v\u00fdro\u010die zalo\u017eenia Pezinsk\u00e9ho spevokolu. D\u0148a 3.11.1867 pr\u00edpravn\u00fd v\u00fdbor schv\u00e1lil stanovy spolku a preto mo\u017eno tento de\u0148 pova\u017eova\u0165 za de\u0148 jeho vzniku, i ke\u010f ofici\u00e1lne boli stanovy zaregistrovan\u00e9 a\u017e d\u0148a 25.3.1868<i> (viac na str\u00e1nke <a href=\"http:\/\/www.auc.sk\/index.php\/o-nas\/historia\/\">hist\u00f3ria<\/a>)<\/i>.&nbsp;Priamym pokra\u010dovate\u013eom Pezinsk\u00e9ho spevokolu, alebo ofici\u00e1lne pod\u013ea stanov &#8222;Pezinsk\u00e9ho spev\u00e1ckeho spolku&#8220;, je v s\u00fa\u010dasnosti n\u00e1\u0161 pezinsk\u00fd chr\u00e1mov\u00fd zbor Ad Una Corda, ktor\u00fd toto v\u00fdro\u010die pl\u00e1nuje spolu s vami&nbsp;oslavova\u0165&nbsp;pripravovan\u00fdmi aktivitami po\u010das cel\u00e9ho roka 2017 <i>(viac na str\u00e1nke <a href=\"http:\/\/www.auc.sk\/index.php\/program\/\">Program<\/a>)<\/i>. Po\u010das jednotliv\u00fdch koncertov \u010di vyst\u00fapen\u00ed zboru Ad Una Corda a jeho host\u00ed sa predstavia okrem jeho s\u00fa\u010dasn\u00fdch \u010dlenov aj jeho b\u00fdval\u00ed \u010dlenovia, ktor\u00ed sa vydali na samostatn\u00fa profesion\u00e1lnu hudobn\u00fa dr\u00e1hu a s\u00fa v nej \u00faspe\u0161n\u00ed, ako napr. Eva \u0160u\u0161kov\u00e1 (sopr\u00e1n), Judita Andelov\u00e1 (mezosopr\u00e1n), Mat\u00fa\u0161 Tr\u00e1vni\u010dek (bas) \u010di klavirista Ivan Koska.&nbsp;Pote\u0161\u00edme sa, ak v\u00e1s budeme m\u00f4c\u0165 priv\u00edta\u0165 na na\u0161ich koncertoch \u010di vyst\u00fapeniach po\u010das tohto v\u00fdro\u010dn\u00e9ho roka 2017.<\/p>\n","protected":false},"excerpt":{"rendered":"<p>V roku 2017 si pripom\u00edname 150. v\u00fdro\u010die zalo\u017eenia Pezinsk\u00e9ho spevokolu. D\u0148a 3.11.1867 pr\u00edpravn\u00fd v\u00fdbor schv\u00e1lil stanovy spolku a preto mo\u017eno tento de\u0148 pova\u017eova\u0165 za de\u0148 jeho vzniku, i ke\u010f ofici\u00e1lne <a class=\"read-more\" href=\"https:\/\/www.auc.sk\/index.php\/150-vyrocie-vzniku-spevokolu-v-pezinku\/\">\u010c\u00edtajte viac<\/a><\/p>\n","protected":false},"author":1,"featured_media":568,"comment_status":"closed","ping_status":"closed","sticky":false,"template":"","format":"standard","meta":{"ngg_post_thumbnail":0,"footnotes":""},"categories":[1],"tags":[],"_links":{"self":[{"href":"https:\/\/www.auc.sk\/index.php\/wp-json\/wp\/v2\/posts\/888"}],"collection":[{"href":"https:\/\/www.auc.sk\/index.php\/wp-json\/wp\/v2\/posts"}],"about":[{"href":"https:\/\/www.auc.sk\/index.php\/wp-json\/wp\/v2\/types\/post"}],"author":[{"embeddable":true,"href":"https:\/\/www.auc.sk\/index.php\/wp-json\/wp\/v2\/users\/1"}],"replies":[{"embeddable":true,"href":"https:\/\/www.auc.sk\/index.php\/wp-json\/wp\/v2\/comments?post=888"}],"version-history":[{"count":6,"href":"https:\/\/www.auc.sk\/index.php\/wp-json\/wp\/v2\/posts\/888\/revisions"}],"predecessor-version":[{"id":1081,"href":"https:\/\/www.auc.sk\/index.php\/wp-json\/wp\/v2\/posts\/888\/revisions\/1081"}],"wp:featuredmedia":[{"embeddable":true,"href":"https:\/\/www.auc.sk\/index.php\/wp-json\/wp\/v2\/media\/568"}],"wp:attachment":[{"href":"https:\/\/www.auc.sk\/index.php\/wp-json\/wp\/v2\/media?parent=888"}],"wp:term":[{"taxonomy":"category","embeddable":true,"href":"https:\/\/www.auc.sk\/index.php\/wp-json\/wp\/v2\/categories?post=888"},{"taxonomy":"post_tag","embeddable":true,"href":"https:\/\/www.auc.sk\/index.php\/wp-json\/wp\/v2\/tags?post=888"}],"curies":[{"name":"wp","href":"https:\/\/api.w.org\/{rel}","templated":true}]}}